{"id":763,"date":"2010-03-02T21:05:06","date_gmt":"2010-03-02T20:05:06","guid":{"rendered":"http:\/\/www.odszkodowania.info.pl\/?p=763"},"modified":"2010-03-02T21:05:06","modified_gmt":"2010-03-02T20:05:06","slug":"policja-uzyla-broni-bez-umiaru","status":"publish","type":"post","link":"https:\/\/www.odszkodowania.info.pl\/?p=763","title":{"rendered":"Policja u\u017cy\u0142a broni bez umiaru"},"content":{"rendered":"<p>Spos\u00f3b stosowania si\u0142y przez policj\u0119 musi by\u0107 proporcjonalny do celu. Podkre\u015bli\u0142 to Europejski Trybuna\u0142 Praw Cz\u0142owieka w Strasburgu, kt\u00f3ry zajmowa\u0142 si\u0119 u\u017cyciem broni przez policj\u0119 w trakcie akcji w Spale w 2002 r. Trybuna\u0142 zas\u0105dzi\u0142 20 tys. euro zado\u015b\u0107uczynienia na rzecz matki i konkubiny m\u0119\u017cczyzny, kt\u00f3ry zgin\u0105\u0142 w czasie interwencji. Uzna\u0142, \u017ce u\u017cycie broni by\u0142o nieproporcjonalne do celu, kt\u00f3rym by\u0142o zapobie\u017cenie ucieczce podejrzanego.<\/p>\n","protected":false},"excerpt":{"rendered":"<p>Spos\u00f3b stosowania si\u0142y przez policj\u0119 musi by\u0107 proporcjonalny do celu. Podkre\u015bli\u0142 to Europejski Trybuna\u0142 Praw Cz\u0142owieka w Strasburgu, kt\u00f3ry zajmowa\u0142 si\u0119 u\u017cyciem broni przez policj\u0119 w trakcie akcji w Spale w 2002 r. Trybuna\u0142 zas\u0105dzi\u0142 20 tys. euro zado\u015b\u0107uczynienia na rzecz matki i konkubiny m\u0119\u017cczyzny, kt\u00f3ry zgin\u0105\u0142 w czasie interwencji. Uzna\u0142, \u017ce u\u017cycie broni by\u0142o [&hellip;]<\/p>\n","protected":false},"author":2,"featured_media":0,"comment_status":"open","ping_status":"open","sticky":false,"template":"","format":"standard","meta":{"footnotes":""},"categories":[8],"tags":[13],"class_list":["post-763","post","type-post","status-publish","format-standard","hentry","category-aktualnosci","tag-zadoscuczynienie"],"_links":{"self":[{"href":"https:\/\/www.odszkodowania.info.pl\/index.php?rest_route=\/wp\/v2\/posts\/763","targetHints":{"allow":["GET"]}}],"collection":[{"href":"https:\/\/www.odszkodowania.info.pl\/index.php?rest_route=\/wp\/v2\/posts"}],"about":[{"href":"https:\/\/www.odszkodowania.info.pl\/index.php?rest_route=\/wp\/v2\/types\/post"}],"author":[{"embeddable":true,"href":"https:\/\/www.odszkodowania.info.pl\/index.php?rest_route=\/wp\/v2\/users\/2"}],"replies":[{"embeddable":true,"href":"https:\/\/www.odszkodowania.info.pl\/index.php?rest_route=%2Fwp%2Fv2%2Fcomments&post=763"}],"version-history":[{"count":1,"href":"https:\/\/www.odszkodowania.info.pl\/index.php?rest_route=\/wp\/v2\/posts\/763\/revisions"}],"predecessor-version":[{"id":764,"href":"https:\/\/www.odszkodowania.info.pl\/index.php?rest_route=\/wp\/v2\/posts\/763\/revisions\/764"}],"wp:attachment":[{"href":"https:\/\/www.odszkodowania.info.pl\/index.php?rest_route=%2Fwp%2Fv2%2Fmedia&parent=763"}],"wp:term":[{"taxonomy":"category","embeddable":true,"href":"https:\/\/www.odszkodowania.info.pl\/index.php?rest_route=%2Fwp%2Fv2%2Fcategories&post=763"},{"taxonomy":"post_tag","embeddable":true,"href":"https:\/\/www.odszkodowania.info.pl\/index.php?rest_route=%2Fwp%2Fv2%2Ftags&post=763"}],"curies":[{"name":"wp","href":"https:\/\/api.w.org\/{rel}","templated":true}]}}