{"id":776,"date":"2010-03-12T22:00:50","date_gmt":"2010-03-12T21:00:50","guid":{"rendered":"http:\/\/www.odszkodowania.info.pl\/?p=776"},"modified":"2010-03-12T22:00:50","modified_gmt":"2010-03-12T21:00:50","slug":"uniewinniony-b-straznik-graniczny-chce-15-mln-zl-odszkodowania","status":"publish","type":"post","link":"https:\/\/www.odszkodowania.info.pl\/?p=776","title":{"rendered":"Uniewinniony b. stra\u017cnik graniczny chce 1,5 mln z\u0142 odszkodowania"},"content":{"rendered":"<p> W pi\u0105tek s\u0105d okr\u0119gowy w Olsztynie rozpocz\u0105\u0142 rozpatrywanie wniosku m\u0119\u017cczyzny. Wnioskodawca zgodzi\u0142 si\u0119 na podanie imienia i nazwiska.<\/p>\n<p>41-letni Adam Pi\u0119dziak, kt\u00f3ry pracowa\u0142 jako kontroler-pirotechnik na polsko-rosyjskim przej\u015bciu granicznym, zosta\u0142 zatrzymany w styczniu 2003 roku. On i inni pogranicznicy us\u0142yszeli zarzut przyjmowania \u0142ap\u00f3wek od przemytnik\u00f3w w zamian za umo\u017cliwienie przewozu alkoholu i papieros\u00f3w oraz wr\u0119czania \u0142ap\u00f3wek innym pogranicznikom. Po zatrzymaniu zosta\u0142 aresztowany; w areszcie przebywa\u0142 do listopada 2008 roku.<\/p>\n<p>Proces najpierw toczy\u0142 si\u0119 przed s\u0105dem rejonowym w Bartoszycach, potem okr\u0119gowym w Olsztynie, kt\u00f3ry nakaza\u0142 ponowne rozpatrzenie sprawy bartoszyckiemu s\u0105dowi. Ten ostatecznie w czerwcu 2009 roku, po 7 latach prawomocnie uniewinni\u0142 funkcjonariusza.<\/p>\n<p>Przed s\u0105dem okr\u0119gowym w Olsztynie Adam Pi\u0119dziak domaga si\u0119 768 tys. z\u0142 odszkodowania i 800 tys. z\u0142 zado\u015b\u0107uczynienia za nies\u0142uszne zatrzymanie i aresztowanie. W pi\u0105tek przed s\u0105dem m\u00f3wi\u0142, \u017ce po zatrzymaniu i aresztowaniu zosta\u0142 zawieszony w czynno\u015bciach s\u0142u\u017cbowych, w zwi\u0105zku z tym jego niepracuj\u0105cej \u017conie wyp\u0142acano po\u0142ow\u0119 pensji, czyli ok. 1 tys. z\u0142. Mia\u0142 w\u00f3wczas na utrzymaniu dw\u00f3jk\u0119 dzieci.<\/p>\n<p>Opowiada\u0142, \u017ce po zatrzymaniu, w kajdankach zosta\u0142 wyprowadzony z przej\u015bcia w Bezledach do samochodu i przewieziony do prokuratury okr\u0119gowej w Olsztynie. Po decyzji s\u0105du o aresztowaniu przebywa\u0142 w aresztach: w I\u0142awie, Olsztynie i Bartoszycach. Podkre\u015bli\u0142, \u017ce s\u0142ysza\u0142 od funkcjonariuszy spraw wewn\u0119trznych (jednostka kontrolna w stra\u017cy granicznej) i od osadzonych wyzwiska i gro\u017aby. Nie wychodzi\u0142 na spacery, bo ba\u0142 si\u0119 o swoje \u017cycie i zdrowie. Z powodu stresu, za\u0142amania nerwowego schud\u0142 20 kilogram\u00f3w. Mia\u0142 te\u017c utrudnione widzenia z rodzin\u0105. Nie wydano mu przepustki na dzie\u0144, w kt\u00f3rym jego syn mia\u0142 pierwsz\u0105 komuni\u0119.<\/p>\n<p>M\u0119\u017cczyzna m\u00f3wi\u0142 tak\u017ce, \u017ce przez jego aresztowanie jego \u017cona i dzieci dozna\u0142y krzywdy. &#8222;Dzieci s\u0142ysza\u0142y wyzwiska, cierpia\u0142y do tego stopnia, \u017ce musia\u0142y korzysta\u0107 z pomocy psycholog\u00f3w, ba\u0142y si\u0119 chodzi\u0107 do szko\u0142y, doznawa\u0142y upokorze\u0144&#8221; &#8211; powiedzia\u0142.<\/p>\n<p>W 2005 roku, kiedy toczy\u0142o si\u0119 post\u0119powanie karne zwolni\u0142 si\u0119 ze s\u0142u\u017cby i odszed\u0142 na emerytur\u0119. Po prawomocnym uniewinnieniu by\u0142y pogranicznik chcia\u0142 wr\u00f3ci\u0107 do pracy w stra\u017cy granicznej, ale jego wniosek o prac\u0119 odrzucono. Teraz, jak m\u00f3wi, otrzymuje miesi\u0119cznie 1,5 tys. z\u0142; jego \u017cona jest na zasi\u0142ku dla bezrobotnych.<\/p>\n<p>Zeznaj\u0105c w pi\u0105tek przed s\u0105dem, \u017cona by\u0142ego funkcjonariusza podkre\u015bli\u0142a, \u017ce musia\u0142a po\u017cycza\u0107 pieni\u0105dze, by zrobi\u0107 m\u0119\u017cowi paczk\u0119 do aresztu. Wyprzedawa\u0142a tak\u017ce inwentarz z gospodarstwa rolnego.<\/p>\n<p>S\u0105d odroczy\u0142 spraw\u0119 do czasu, gdy uzyska od Warmi\u0144sko-Mazurskiego Oddzia\u0142u Stra\u017cy Granicznej informacj\u0119 m.in. o zarobkach pogranicznika przez aresztowaniem.<\/p>\n<p>Jak powiedzia\u0142 PAP rzecznik prokuratury okr\u0119gowej w Olsztynie Mieczys\u0142aw Orzechowski, sprawa korupcji stra\u017cnik\u00f3w granicznych z Bezled, prowadzona przez \u00f3wczesny wydzia\u0142 przest\u0119pczo\u015bci zorganizowanej w tej\u017ce prokuraturze, zako\u0144czy\u0142a si\u0119 prawomocnym uniewinnieniem kilkunastu funkcjonariuszy stra\u017cy granicznej. &#8222;Sprawy korupcji s\u0105 trudnymi i ocennymi, bo opieraj\u0105 si\u0119 tak\u017ce na pom\u00f3wieniach wsp\u00f3\u0142podejrzanych&#8221; &#8211; doda\u0142 Orzechowski.<\/p>\n<p>\u0179r\u00f3d\u0142o: PAP<\/p>\n","protected":false},"excerpt":{"rendered":"<p>Uniewinniony prawomocnie od zarzut\u00f3w korupcji by\u0142y stra\u017cnik z polsko-rosyjskiego przej\u015bcia granicznego w Bezledach (warmi\u0144sko-mazurskie) Adam Pi\u0119dziak chce ponad 1,5 mln z\u0142 za nies\u0142uszne zatrzymanie i aresztowanie. <\/p>\n","protected":false},"author":2,"featured_media":0,"comment_status":"open","ping_status":"open","sticky":false,"template":"","format":"standard","meta":{"footnotes":""},"categories":[8],"tags":[12,13],"class_list":["post-776","post","type-post","status-publish","format-standard","hentry","category-aktualnosci","tag-odszkodowanie","tag-zadoscuczynienie"],"_links":{"self":[{"href":"https:\/\/www.odszkodowania.info.pl\/index.php?rest_route=\/wp\/v2\/posts\/776","targetHints":{"allow":["GET"]}}],"collection":[{"href":"https:\/\/www.odszkodowania.info.pl\/index.php?rest_route=\/wp\/v2\/posts"}],"about":[{"href":"https:\/\/www.odszkodowania.info.pl\/index.php?rest_route=\/wp\/v2\/types\/post"}],"author":[{"embeddable":true,"href":"https:\/\/www.odszkodowania.info.pl\/index.php?rest_route=\/wp\/v2\/users\/2"}],"replies":[{"embeddable":true,"href":"https:\/\/www.odszkodowania.info.pl\/index.php?rest_route=%2Fwp%2Fv2%2Fcomments&post=776"}],"version-history":[{"count":1,"href":"https:\/\/www.odszkodowania.info.pl\/index.php?rest_route=\/wp\/v2\/posts\/776\/revisions"}],"predecessor-version":[{"id":777,"href":"https:\/\/www.odszkodowania.info.pl\/index.php?rest_route=\/wp\/v2\/posts\/776\/revisions\/777"}],"wp:attachment":[{"href":"https:\/\/www.odszkodowania.info.pl\/index.php?rest_route=%2Fwp%2Fv2%2Fmedia&parent=776"}],"wp:term":[{"taxonomy":"category","embeddable":true,"href":"https:\/\/www.odszkodowania.info.pl\/index.php?rest_route=%2Fwp%2Fv2%2Fcategories&post=776"},{"taxonomy":"post_tag","embeddable":true,"href":"https:\/\/www.odszkodowania.info.pl\/index.php?rest_route=%2Fwp%2Fv2%2Ftags&post=776"}],"curies":[{"name":"wp","href":"https:\/\/api.w.org\/{rel}","templated":true}]}}