{"id":780,"date":"2010-03-12T22:09:40","date_gmt":"2010-03-12T21:09:40","guid":{"rendered":"http:\/\/www.odszkodowania.info.pl\/?p=780"},"modified":"2010-03-12T22:09:40","modified_gmt":"2010-03-12T21:09:40","slug":"chca-odszkodowania-za-smierc-syna","status":"publish","type":"post","link":"https:\/\/www.odszkodowania.info.pl\/?p=780","title":{"rendered":"Chc\u0105 odszkodowania za \u015bmier\u0107 syna"},"content":{"rendered":"<p> Kamil Musia\u0142 z Cz\u0119stochowy mia\u0142 18 lat. Pewnego dnia popi\u0142 z kolegami, a potem napad\u0142 na 16-latka: grozi\u0142 mu brzytw\u0105, zerwa\u0142 \u0142a\u0144cuszek i ukrad\u0142 odtwarzacz MP4. Nied\u0142ugo p\u00f3\u017aniej zatrzyma\u0142a go policja, zosta\u0142 aresztowany. W ubieg\u0142ym roku S\u0105d Okr\u0119gowy w Cz\u0119stochowie nie mia\u0142 w\u0105tpliwo\u015bci co do winy 18-latka, skaza\u0142 go na dwa lata wi\u0119zienia.<\/p>\n<p>&#8211; Mieli\u015bmy z nim problemy wychowawcze: g\u0142upi wiek, towarzystwo&#8230; To, \u017ce Kamil wyl\u0105dowa\u0142 w wi\u0119zieniu, by\u0142o dla nas prawdziw\u0105 makabr\u0105. Regularnie chodzili\u015bmy na widzenia. Du\u017co rozmawiali\u015bmy i przekonywali\u015bmy syna, \u017ce musi ponie\u015b\u0107 kar\u0119, ale \u017ce wyjdzie po dw\u00f3ch latach i zacznie nowe \u017cycie. Traktowali\u015bmy to jak nauczk\u0119, a Kamil wydawa\u0142 si\u0119 to rozumie\u0107. Nie skar\u017cy\u0142 si\u0119 i m\u00f3wi\u0142: &#8222;mamo, b\u0119dzie dobrze&#8221; &#8211; p\u0142acze Cecylia Musia\u0142, matka ch\u0142opca.<\/p>\n<p>Kilka miesi\u0119cy temu Kamil zosta\u0142 przeniesiony do Katowic, do aresztu \u015bledczego przy ul. Miko\u0142owskiej. Po kilku dniach pobytu w czasie spaceru zacz\u0105\u0142 zachowywa\u0107 si\u0119 dziwnie. &#8222;Jestem \u015bwiadkiem koronnym, zamorduj\u0105 moich rodzic\u00f3w!&#8221; &#8211; wykrzykiwa\u0142 spanikowany. By\u0142a sobota, lecz wychowawcy uda\u0142o si\u0119 \u015bci\u0105gn\u0105\u0107 do wi\u0119zienia psychiatr\u0119. Kamil dosta\u0142 leki uspokajaj\u0105ce. Na drugi dzie\u0144, jak m\u00f3wili wsp\u00f3\u0142wi\u0119\u017aniowie, ca\u0142y dzie\u0144 le\u017ca\u0142 i p\u0142aka\u0142. &#8222;B\u0119d\u0119 sma\u017cy\u0142 si\u0119 w piekle, zabij\u0105 moich rodzic\u00f3w&#8221; &#8211; powtarza\u0142. W pewnym momencie z\u0142apa\u0142 za plastikowy no\u017cyk i pokaleczy\u0142 sobie szyj\u0119. Wezwano pogotowie, ch\u0142opaka umieszczono w tzw. bezpiecznej celi bez okien.<\/p>\n<p>&#8211; Natychmiast zadzwoni\u0142am do rodzic\u00f3w. Przyjechali nazajutrz &#8211; zeznawa\u0142a psycholog wi\u0119zienna w ubieg\u0142y czwartek, na pierwszej rozprawie przed katowickim s\u0105dem okr\u0119gowym.<\/p>\n<p>&#8211; Kamil by\u0142 za\u0142amany. M\u00f3wi\u0142, \u017ce s\u0142yszy g\u0142osy, \u017ce musimy uwa\u017ca\u0107, bo nas zabij\u0105 &#8211; opowiada jego ojciec Jan Musia\u0142.<\/p>\n<p>Psychiatra wypisa\u0142 Kamilowi skierowanie do wi\u0119ziennego szpitala psychiatrycznego we Wroc\u0142awiu, ale do przenosin nie dosz\u0142o.<\/p>\n<p>&#8211; Czeka\u0142 na przyj\u0119cie, ale w tym czasie si\u0119 uspokoi\u0142. Uznali\u015bmy, \u017ce nie ma ju\u017c potrzeby wysy\u0142a\u0107 go do Wroc\u0142awia. I po kilku dniach znowu jego stan si\u0119 pogorszy\u0142 &#8211; relacjonowa\u0142a psycholog.<\/p>\n<p>Jednak Kamil znowu targn\u0105\u0142 si\u0119 na swoje \u017cycie. Tym razem pokaleczy\u0142 szyj\u0119 wieszakiem. W\u0142adze wi\u0119zienia znowu powiadomi\u0142y Wroc\u0142aw, a ch\u0142opak dosta\u0142 leki uspokajaj\u0105ce. Na drugi dzie\u0144 zamkn\u0105\u0142 si\u0119 w k\u0105ciku sanitarnym. Rozbi\u0142 szklan\u0105 butelk\u0119 po soku i szyjk\u0105 pokaleczy\u0142 sobie szyj\u0119 i brzuch.<\/p>\n<p>&#8211; Jego agonia w szpitalu trwa\u0142a dwa tygodnie. My\u015bla\u0142am: Bo\u017ce, wiem, \u017ce zgrzeszy\u0142, ale przecie\u017c mia\u0142 odpokutowa\u0107, a nie umiera\u0107 &#8211; Cecylia Musia\u0142 nie przestaje p\u0142aka\u0107.<\/p>\n<p>Na pierwszej rozprawie opr\u00f3cz pani psycholog zeznawa\u0142 jeszcze lekarz wi\u0119zienny. Oboje zapewniali, \u017ce pracownicy aresztu zrobili wszystko, co do nich nale\u017ca\u0142o. &#8211; Dyrektor zgodzi\u0142 si\u0119 na dodatkowe widzenia ch\u0142opca z rodzicami. Z mojego gabinetu m\u00f3g\u0142 do nich dzwoni\u0107 o dowolnej porze &#8211; wyja\u015bnia\u0142a psycholog. Oboje te\u017c podkre\u015blili, \u017ce targni\u0119cia si\u0119 Kamila z no\u017cykiem czy wieszakiem by\u0142y tylko pr\u00f3b\u0105 samookaleczenia, a nie samob\u00f3jstwa. &#8211; Osadzeni cz\u0119sto tak manifestuj\u0105 swoje emocje. Np. te natury erotycznej &#8211; wyja\u015bnia\u0142 lekarz. Nikt jednak nie potrafi\u0142 wyja\u015bni\u0107, jak to mo\u017cliwe, \u017ce Kamil mia\u0142 dost\u0119p do szklanej butelki. &#8211; W kantynie mo\u017cna kupi\u0107 sok. By\u0107 mo\u017ce kt\u00f3ry\u015b z wsp\u00f3\u0142wi\u0119\u017ani\u00f3w mia\u0142 go gdzie\u015b na szafce &#8211; zastanawia\u0142a si\u0119 psycholog.<\/p>\n<p>&#8211; Nie mam w\u0105tpliwo\u015bci, \u017ce s\u0142u\u017cbie wi\u0119ziennej sytuacja wymkn\u0119\u0142a si\u0119 spod kontroli. Nie potrafiono udzieli\u0107 Musia\u0142owi pomocy, zbagatelizowano sygna\u0142y i nie umieszczono go w miejscu, gdzie mia\u0142by zapewnion\u0105 opiek\u0119. Przez brak nale\u017cytej kontroli rodzice stracili swoje dziecko. Nara\u017cono ich na b\u00f3l i cierpienia psychiczne &#8211; podkre\u015bla mecenas Tomasz P\u0142achtej, pe\u0142nomocnik rodziny.<\/p>\n<p>Rodzice Kamila wnie\u015bli o 1 mln z\u0142 zado\u015b\u0107uczynienia. To pierwszy tego rodzaju proces w Polsce.<\/p>\n<p>\u0179r\u00f3d\u0142o: Gazeta Wyborcza Cz\u0119stochowa<\/p>\n","protected":false},"excerpt":{"rendered":"<p>Miliona z\u0142 zado\u015b\u0107uczynienia od skarbu pa\u0144stwa domagaj\u0105 si\u0119 rodzice cz\u0119stochowianin, kt\u00f3ry w katowickim areszcie \u015bledczym pope\u0142ni\u0142 samob\u00f3jstwo. To pierwszy tego rodzaju proces w Polsce.<\/p>\n","protected":false},"author":2,"featured_media":0,"comment_status":"open","ping_status":"open","sticky":false,"template":"","format":"standard","meta":{"footnotes":""},"categories":[8],"tags":[12,13],"class_list":["post-780","post","type-post","status-publish","format-standard","hentry","category-aktualnosci","tag-odszkodowanie","tag-zadoscuczynienie"],"_links":{"self":[{"href":"https:\/\/www.odszkodowania.info.pl\/index.php?rest_route=\/wp\/v2\/posts\/780","targetHints":{"allow":["GET"]}}],"collection":[{"href":"https:\/\/www.odszkodowania.info.pl\/index.php?rest_route=\/wp\/v2\/posts"}],"about":[{"href":"https:\/\/www.odszkodowania.info.pl\/index.php?rest_route=\/wp\/v2\/types\/post"}],"author":[{"embeddable":true,"href":"https:\/\/www.odszkodowania.info.pl\/index.php?rest_route=\/wp\/v2\/users\/2"}],"replies":[{"embeddable":true,"href":"https:\/\/www.odszkodowania.info.pl\/index.php?rest_route=%2Fwp%2Fv2%2Fcomments&post=780"}],"version-history":[{"count":1,"href":"https:\/\/www.odszkodowania.info.pl\/index.php?rest_route=\/wp\/v2\/posts\/780\/revisions"}],"predecessor-version":[{"id":781,"href":"https:\/\/www.odszkodowania.info.pl\/index.php?rest_route=\/wp\/v2\/posts\/780\/revisions\/781"}],"wp:attachment":[{"href":"https:\/\/www.odszkodowania.info.pl\/index.php?rest_route=%2Fwp%2Fv2%2Fmedia&parent=780"}],"wp:term":[{"taxonomy":"category","embeddable":true,"href":"https:\/\/www.odszkodowania.info.pl\/index.php?rest_route=%2Fwp%2Fv2%2Fcategories&post=780"},{"taxonomy":"post_tag","embeddable":true,"href":"https:\/\/www.odszkodowania.info.pl\/index.php?rest_route=%2Fwp%2Fv2%2Ftags&post=780"}],"curies":[{"name":"wp","href":"https:\/\/api.w.org\/{rel}","templated":true}]}}