{"id":792,"date":"2010-03-25T20:51:20","date_gmt":"2010-03-25T19:51:20","guid":{"rendered":"http:\/\/www.odszkodowania.info.pl\/?p=792"},"modified":"2010-03-25T20:51:20","modified_gmt":"2010-03-25T19:51:20","slug":"chce-pieniedzy-za-niesluszny-areszt","status":"publish","type":"post","link":"https:\/\/www.odszkodowania.info.pl\/?p=792","title":{"rendered":"Chce pieni\u0119dzy za nies\u0142uszny areszt"},"content":{"rendered":"<p>Stanis\u0142aw B\u0105k z Chwa\u0142owic zosta\u0142 w listopadzie nies\u0142usznie aresztowany. Trafi\u0142 do celi, bo s\u0105d pomyli\u0142 go z zupe\u0142nie innym m\u0119\u017cczyzn\u0105. Teraz domaga si\u0119 15 tysi\u0119cy z\u0142otych zado\u015b\u0107uczynienia.<\/p>\n<p>25 listopada 2009 roku &#8211; tego dnia Stanis\u0142aw B\u0105k nigdy nie zapomni. By\u0142a godzina 17.00. Szed\u0142 w\u0142a\u015bnie nakarmi\u0107 krowy, kiedy przed jego dom zajecha\u0142 radiow\u00f3z. Od policjant\u00f3w us\u0142ysza\u0142, \u017ce maj\u0105 nakaz jego aresztowania. Protestowa\u0142, t\u0142umacz\u0105c, \u017ce nic z\u0142ego nie zrobi\u0142.<\/p>\n<p>Aresztowali zupe\u0142nie niewinnego cz\u0142owieka<\/p>\n<p>Funkcjonariusze zadzwonili zatem do s\u0119dziego, aby upewni\u0107 si\u0119, czy na pewno chodzi o B\u0105ka. S\u0119dzia potwierdzi\u0142. Rolnik z Chwa\u0142owic trafi\u0142 wi\u0119c do pokoju zatrzyma\u0144 w Komendzie Powiatowej Policji w Stalowej Woli. Na nic zda\u0142y si\u0119 jego t\u0142umaczenia, \u017ce jest niewinny. Noc sp\u0119dzi\u0142 w celi, zastanawiaj\u0105c si\u0119, za co zosta\u0142 aresztowany.<\/p>\n<p>Nast\u0119pnego dnia rano jego \u017cona pojecha\u0142a do s\u0105du. Chcia\u0142a dowiedzie\u0107 si\u0119, za co zamkni\u0119to jej m\u0119\u017ca. Dopiero gdy poda\u0142a urz\u0119dniczkom jego dat\u0119 urodzenia, wysz\u0142o na jaw, \u017ce aresztowano niewinnego cz\u0142owieka. Owszem, stalowowolski S\u0105d Rejonowy mia\u0142 wystawi\u0107 nakaz aresztowania m\u0119\u017cczyzny o takim samym imieniu i nazwisku, ale nie z gminy Radomy\u015bl nad Sanem, a z gminy Pysznica.<\/p>\n<p>Straszne prze\u017cycie &#8211; najbardziej ucierpia\u0142a c\u00f3rka<\/p>\n<p>B\u0105ka zwolniono po 15 godzinach od aresztowania. On sam, jak i jego rodzina bardzo prze\u017cyli ca\u0142e zdarzenie. Najbardziej odbi\u0142o si\u0119 to na zdrowiu jego niepe\u0142nosprawnej c\u00f3rki, kt\u00f3ra dozna\u0142a pora\u017cenia i na dwa tygodnie trafi\u0142a do szpitala. Dlatego dzisiaj Stanis\u0142aw B\u0105k domaga si\u0119 od S\u0105du Rejonowego w Stalowej Woli zado\u015b\u0107uczynienia za doznane krzywdy &#8211; zar\u00f3wno swoje jak i swoich najbli\u017cszych. Rozprawa toczy si\u0119 przed S\u0105dem Okr\u0119gowym w Tarnobrzegu. Odby\u0142y si\u0119 ju\u017c dwa posiedzenia, a na pocz\u0105tek kwietnia zaplanowano trzecie. Na potrzeby procesu m\u0119\u017cczyzna ma dostarczy\u0107 dow\u00f3d bada\u0144 psychologicznych i neurologicznych swojej c\u00f3rki.<\/p>\n<p>&#8222;Nikomu nie \u017cycz\u0119 podobnego do\u015bwiadczenia&#8221;<\/p>\n<p>&#8211; Przez to aresztowanie wszyscy du\u017co wycierpieli\u015bmy . Nikomu nie \u017cycz\u0119 podobnego do\u015bwiadczenia. Na wsi dalej niekt\u00f3rzy o mnie m\u00f3wi\u0105 i twierdz\u0105, \u017ce musia\u0142em co\u015b przeskroba\u0107, skoro mnie aresztowano. Popsu\u0142o mi to reputacj\u0119, ale najbardziej odbi\u0142o si\u0119 to na zdrowiu c\u00f3rki. Dlatego domagam si\u0119 tego zado\u015b\u0107uczynienia. S\u0142ysza\u0142em ju\u017c komentarze, \u017ce 15 tysi\u0119cy z\u0142otych to za du\u017co. Gdyby ci, kt\u00f3rzy tak m\u00f3wi\u0105 prze\u017cyli to co my, pewnie zmieniliby zdanie &#8211; m\u00f3wi &#8222;Sztafecie&#8221; poszkodowany Stanis\u0142aw B\u0105k.<\/p>\n<p>Tomasz Wosk<\/p>\n<p>Czy 15 tysi\u0119cy z\u0142otych to wystarczaj\u0105ce odszkodowanie za areszt zupe\u0142nie niewinnego cz\u0142owieka? Czy taka kwota zrekompensuje zar\u00f3wno poszkodowanemu, jak i jego rodzinie poniesione straty, zw\u0142aszcza te moralne? Czekamy na wasze komentarze.<\/p>\n<p>interia.pl<\/p>\n","protected":false},"excerpt":{"rendered":"<p>Stanis\u0142aw B\u0105k z Chwa\u0142owic zosta\u0142 w listopadzie nies\u0142usznie aresztowany. Trafi\u0142 do celi, bo s\u0105d pomyli\u0142 go z zupe\u0142nie innym m\u0119\u017cczyzn\u0105. Teraz domaga si\u0119 15 tysi\u0119cy z\u0142otych zado\u015b\u0107uczynienia. 25 listopada 2009 roku &#8211; tego dnia Stanis\u0142aw B\u0105k nigdy nie zapomni. By\u0142a godzina 17.00. Szed\u0142 w\u0142a\u015bnie nakarmi\u0107 krowy, kiedy przed jego dom zajecha\u0142 radiow\u00f3z. Od policjant\u00f3w us\u0142ysza\u0142, [&hellip;]<\/p>\n","protected":false},"author":2,"featured_media":0,"comment_status":"open","ping_status":"open","sticky":false,"template":"","format":"standard","meta":{"footnotes":""},"categories":[8],"tags":[12,13],"class_list":["post-792","post","type-post","status-publish","format-standard","hentry","category-aktualnosci","tag-odszkodowanie","tag-zadoscuczynienie"],"_links":{"self":[{"href":"https:\/\/www.odszkodowania.info.pl\/index.php?rest_route=\/wp\/v2\/posts\/792","targetHints":{"allow":["GET"]}}],"collection":[{"href":"https:\/\/www.odszkodowania.info.pl\/index.php?rest_route=\/wp\/v2\/posts"}],"about":[{"href":"https:\/\/www.odszkodowania.info.pl\/index.php?rest_route=\/wp\/v2\/types\/post"}],"author":[{"embeddable":true,"href":"https:\/\/www.odszkodowania.info.pl\/index.php?rest_route=\/wp\/v2\/users\/2"}],"replies":[{"embeddable":true,"href":"https:\/\/www.odszkodowania.info.pl\/index.php?rest_route=%2Fwp%2Fv2%2Fcomments&post=792"}],"version-history":[{"count":1,"href":"https:\/\/www.odszkodowania.info.pl\/index.php?rest_route=\/wp\/v2\/posts\/792\/revisions"}],"predecessor-version":[{"id":793,"href":"https:\/\/www.odszkodowania.info.pl\/index.php?rest_route=\/wp\/v2\/posts\/792\/revisions\/793"}],"wp:attachment":[{"href":"https:\/\/www.odszkodowania.info.pl\/index.php?rest_route=%2Fwp%2Fv2%2Fmedia&parent=792"}],"wp:term":[{"taxonomy":"category","embeddable":true,"href":"https:\/\/www.odszkodowania.info.pl\/index.php?rest_route=%2Fwp%2Fv2%2Fcategories&post=792"},{"taxonomy":"post_tag","embeddable":true,"href":"https:\/\/www.odszkodowania.info.pl\/index.php?rest_route=%2Fwp%2Fv2%2Ftags&post=792"}],"curies":[{"name":"wp","href":"https:\/\/api.w.org\/{rel}","templated":true}]}}