{"id":827,"date":"2010-05-07T16:22:15","date_gmt":"2010-05-07T15:22:15","guid":{"rendered":"http:\/\/www.odszkodowania.info.pl\/?p=827"},"modified":"2010-05-07T16:22:15","modified_gmt":"2010-05-07T15:22:15","slug":"zadoscuczynienie-odszkodowanie-renta-dla-edyty-terki","status":"publish","type":"post","link":"https:\/\/www.odszkodowania.info.pl\/?p=827","title":{"rendered":"Zado\u015b\u0107uczynienie, odszkodowanie, renta dla Edyty Terki"},"content":{"rendered":"<p>Kobieta domaga\u0142a si\u0119 1,6 mln z\u0142 (600 tys. z\u0142 odszkodowania i milion z\u0142 zado\u015b\u0107uczynienia za straty moralne) i 21 tys. z\u0142 renty miesi\u0119cznie. T\u0142umaczy\u0142a, \u017ce do tej pory wyda\u0142a 600 tys. z\u0142 na leczenie c\u00f3rki, za\u015b milion z\u0142 to i tak niewiele w stosunku do cierpienia, kt\u00f3re przechodzi od lat.<\/p>\n<p>Jej c\u00f3rka, gdy sz\u0142a na operacj\u0119, mia\u0142a 25 lat, szcz\u0119\u015bliw\u0105 rodzin\u0119 i dwoje ma\u0142ych dzieci. Wszystko to leg\u0142o w gruzach z winy lekarzy. Teraz Wies\u0142awa Terka nie tylko musi codziennie opiekowa\u0107 si\u0119 c\u00f3rk\u0105 w \u015bpi\u0105czce, ale rzadko ma mo\u017cliwo\u015b\u0107 kontaktu z wnukami, kt\u00f3re wychowuj\u0105 te\u015bciowie Edyty poza Wroc\u0142awiem.<\/p>\n<p>Edyta Terka 17 wrze\u015bnia 2002 roku podda\u0142a si\u0119 planowanej operacji usuni\u0119cia wola tarczycy w nieistniej\u0105cym ju\u017c Szpitalu im. Rydygiera. Operacja uda\u0142a si\u0119. Jednak w nocy kobieta mia\u0142a problemy z oddychaniem. Czuwa\u0142 nad ni\u0105 lekarz dy\u017curny &#8211; Ryszard S. Oko\u0142o drugiej w nocy otworzy\u0142 ran\u0119 pooperacyjn\u0105 i usun\u0105\u0142 z niej du\u017cy krwiak. Po kilku godzinach chora zn\u00f3w skar\u017cy\u0142a si\u0119 na duszno\u015bci. Tym razem jednak Ryszard S. nie zajrza\u0142 do rany, zaleci\u0142 lek uspokajaj\u0105cy i zszed\u0142 z dy\u017curu o si\u00f3dmej. Lekarze, kt\u00f3rzy przyszli do pracy razem z ordynatorem Ryszardem M., tak\u017ce nie sprawdzili rany. Ordynator zleci\u0142 tylko konsultacj\u0119 laryngologiczn\u0105 i anestezjologiczn\u0105, po czym wyszed\u0142 ze szpitala w prywatnej sprawie.<\/p>\n<p>Edyta ostatkiem si\u0142 wys\u0142a\u0142a do matki SMS: &#8222;Mamo, koniec ze mn\u0105, przyjed\u017a&#8221;. Wies\u0142awa Terka taks\u00f3wk\u0105 przyjecha\u0142a do szpitala.<\/p>\n<p>&#8211; Edyta le\u017ca\u0142a sama w sali. Nie mog\u0142a m\u00f3wi\u0107. Napisa\u0142a na kartce, \u017ce ma k\u0142opoty z oddychaniem &#8211; zeznawa\u0142a podczas procesu Wies\u0142awa Terka. Wezwa\u0142a piel\u0119gniark\u0119 i zabrano c\u00f3rk\u0119 na oddzia\u0142 intensywnej terapii. Okaza\u0142o si\u0119, \u017ce w ranie utworzy\u0142 si\u0119 nowy krwiak, kt\u00f3ry uniemo\u017cliwia\u0142 oddychanie. Dosz\u0142o do niedotlenienia m\u00f3zgu i kobieta zapad\u0142a w \u015bpi\u0105czk\u0119, w kt\u00f3rej jest do dzi\u015b. Jej matka m\u00f3wi, \u017ce c\u00f3rka reaguje na g\u0142os, gdy s\u0142yszy j\u0105 lub swoje dzieci, u\u015bmiecha si\u0119, ale lekarze nie daj\u0105 jej szans na wyzdrowienie.<\/p>\n<p>W pa\u017adzierniku 2008 roku wroc\u0142awski s\u0105d okr\u0119gowy prawomocnie skaza\u0142 ordynatora Ryszarda M. na p\u00f3\u0142 roku wi\u0119zienia w zawieszeniu na dwa lata. &#8211; Wystarczy\u0142o wzi\u0105\u0107 lusterko, zajrze\u0107 do gard\u0142a i obejrze\u0107 tchawic\u0119, co zaj\u0119\u0142oby najwy\u017cej p\u00f3\u0142 minuty &#8211; m\u00f3wi\u0142 s\u0119dzia Robert Zdych. &#8211; Ale ordynator tego nie zrobi\u0142. By\u0107 mo\u017ce zgubi\u0142a go rutyna, mo\u017ce po\u015bpiech. Dopu\u015bci\u0142 si\u0119 oczywistego zaniedbania, w wyniku kt\u00f3rego Edyta Terka jest dzi\u015b w \u015bpi\u0105czce.<\/p>\n<p>Jednocze\u015bnie s\u0105d okr\u0119gowy uchyli\u0142 wyrok I instancji uniewinniaj\u0105cy drugiego lekarza &#8211; Ryszarda S. od zarzutu b\u0142\u0119du w sztuce. Teraz wci\u0105\u017c trwa jego ponowny proces przed s\u0105dem rejonowym.<\/p>\n<p>Matka Edyty wytoczy\u0142a proces cywilny o odszkodowanie i zado\u015b\u0107uczynienie urz\u0119dowi marsza\u0142kowskiemu, kt\u00f3ry przej\u0105\u0142 zobowi\u0105zania po zlikwidowanym szpitalu. Pe\u0142nomocnik urz\u0119du mecenas Artur Nowicki przekonywa\u0142 s\u0105d, \u017ce jej \u017c\u0105dania s\u0105 zbyt wyg\u00f3rowane.<\/p>\n<p>\u0179r\u00f3d\u0142o: Gazeta Wyborcza Wroc\u0142aw<\/p>\n","protected":false},"excerpt":{"rendered":"<p>500 tysi\u0119cy z\u0142otych zado\u015b\u0107uczynienia z odsetkami od lipca 2008 r., 300 tys. odszkodowania, 8 tys. miesi\u0119cznej renty, a od kwietnia 2010 13 tys. z\u0142 renty przyzna\u0142 w pi\u0105tek wroc\u0142awski s\u0105d okr\u0119gowy Wies\u0142awie Terce, matce Edyty, kt\u00f3ra osiem lat temu, w wyniku b\u0142\u0119du w sztuce lekarskiej zapad\u0142a w \u015bpi\u0105czk\u0119 po operacji tarczycy w Szpitalu im. Rydygiera. <\/p>\n","protected":false},"author":2,"featured_media":0,"comment_status":"open","ping_status":"open","sticky":false,"template":"","format":"standard","meta":{"footnotes":""},"categories":[8],"tags":[11,12,13],"class_list":["post-827","post","type-post","status-publish","format-standard","hentry","category-aktualnosci","tag-marshal","tag-odszkodowanie","tag-zadoscuczynienie"],"_links":{"self":[{"href":"https:\/\/www.odszkodowania.info.pl\/index.php?rest_route=\/wp\/v2\/posts\/827","targetHints":{"allow":["GET"]}}],"collection":[{"href":"https:\/\/www.odszkodowania.info.pl\/index.php?rest_route=\/wp\/v2\/posts"}],"about":[{"href":"https:\/\/www.odszkodowania.info.pl\/index.php?rest_route=\/wp\/v2\/types\/post"}],"author":[{"embeddable":true,"href":"https:\/\/www.odszkodowania.info.pl\/index.php?rest_route=\/wp\/v2\/users\/2"}],"replies":[{"embeddable":true,"href":"https:\/\/www.odszkodowania.info.pl\/index.php?rest_route=%2Fwp%2Fv2%2Fcomments&post=827"}],"version-history":[{"count":1,"href":"https:\/\/www.odszkodowania.info.pl\/index.php?rest_route=\/wp\/v2\/posts\/827\/revisions"}],"predecessor-version":[{"id":828,"href":"https:\/\/www.odszkodowania.info.pl\/index.php?rest_route=\/wp\/v2\/posts\/827\/revisions\/828"}],"wp:attachment":[{"href":"https:\/\/www.odszkodowania.info.pl\/index.php?rest_route=%2Fwp%2Fv2%2Fmedia&parent=827"}],"wp:term":[{"taxonomy":"category","embeddable":true,"href":"https:\/\/www.odszkodowania.info.pl\/index.php?rest_route=%2Fwp%2Fv2%2Fcategories&post=827"},{"taxonomy":"post_tag","embeddable":true,"href":"https:\/\/www.odszkodowania.info.pl\/index.php?rest_route=%2Fwp%2Fv2%2Ftags&post=827"}],"curies":[{"name":"wp","href":"https:\/\/api.w.org\/{rel}","templated":true}]}}