{"id":845,"date":"2010-06-13T22:52:52","date_gmt":"2010-06-13T21:52:52","guid":{"rendered":"http:\/\/www.odszkodowania.info.pl\/?p=845"},"modified":"2010-06-14T22:05:09","modified_gmt":"2010-06-14T21:05:09","slug":"kancelarie-odszkodowawcze-maja-wlasna-izbe-gospodarcza","status":"publish","type":"post","link":"https:\/\/www.odszkodowania.info.pl\/?p=845","title":{"rendered":"Kancelarie odszkodowawcze maj\u0105 w\u0142asn\u0105 izb\u0119 gospodarcz\u0105?"},"content":{"rendered":"<p>Postanowieniem s\u0105du z dnia 13 maja 2010 r. wpisano do Krajowego Rejestru S\u0105dowego izb\u0119 gospodarcz\u0105 skupiaj\u0105c\u0105 stu kilkunastu przedsi\u0119biorc\u00f3w z bran\u017cy doradztwa odszkodowawczego. Izba jest organizacj\u0105 o og\u00f3lnokrajowym zasi\u0119gu dzia\u0142ania.<\/p>\n<p>Polska Izba Doradc\u00f3w i Po\u015brednik\u00f3w Odszkodowawczych stawia sobie za cel m.in. kszta\u0142towanie i promowanie dobrych praktyk oraz wp\u0142ywanie na rozw\u00f3j bran\u017cy odszkodowawczej poprzez przedstawianie propozycji rozwi\u0105za\u0144 legislacyjnych i wsp\u00f3\u0142prac\u0119 z instytucjami rynku ubezpieczeniowego, w szczeg\u00f3lno\u015bci Rzecznikiem Ubezpieczonych i Komisj\u0105 Nadzoru Finansowego. Izba ma w planach tak\u017ce poszerzanie \u015bwiadomo\u015bci ubezpieczeniowej spo\u0142ecze\u0144stwa i dzia\u0142alno\u015b\u0107 edukacyjn\u0105.<\/p>\n<p>Obecnie izba gospodarcza skupia firmy z sektora doradztwa odszkodowawczego obs\u0142uguj\u0105ce ponad 30% rynku szk\u00f3d osobowych, w tym Votum, Auxilia, Codex oraz DRB, ale r\u00f3wnie\u017c mniejszych przedsi\u0119biorc\u00f3w, w tym reprezentuj\u0105cych interesy po\u015brednik\u00f3w odszkodowawczych &#8211; przedstawicieli regionalnych oferuj\u0105cych us\u0142ugi klientom na terenie ca\u0142ego kraju. Zgromadzenie za\u0142o\u017cycieli Izby funkcj\u0119 prezesa zarz\u0105du powierzy\u0142o Bart\u0142omiejowi Krupie z Votum. Izba zamierza aktywnie wp\u0142ywa\u0107 na polityk\u0119 ubezpieczycieli w zakresie relacji z doradcami odszkodowawczymi, jak r\u00f3wnie\u017c dyskutowa\u0107 z nimi o standardach likwidacji szk\u00f3d i dzia\u0142a\u0107 na rzecz podnoszenia poziomu obs\u0142ugi poszkodowanych, w tym poprzez terminowe i rzetelne odnoszenie si\u0119 do ich roszcze\u0144 przez ubezpieczycieli.<\/p>\n<p><em>Komentarz redakcji:<br \/>\nNo i mamy ambaras, za napraw\u0119 rynku i popraw\u0119 wizerunku firm odszkodowawczych wzi\u0119\u0142a si\u0119 firma kt\u00f3ra obok EUCO ma chyba najgorsza pras\u0119 w bran\u017cy. Nie trzeba chyba nikomu przypomina\u0107 s\u0142ynnych tekst\u00f3w prasowych o agentach, kt\u00f3rzy w szpitalach poluj\u0105 na poszkodowanych. To nie jest prawda, \u017ce kancelarie odszkodowawcze maj\u0105 swoja izb\u0119 gospodarcz\u0105! Izb\u0119 tworzy pewien nieznaczny od\u0142am firm i ich po\u015brednik\u00f3w, kt\u00f3ry obawia si\u0119 i\u017c cywilizacja tego rynku mo\u017ce zagrozi\u0107 ich interesom. Interesom, kt\u00f3re mog\u0105 by\u0107 sprzeczne z zasadami etycznymi, kt\u00f3re wielokrotnie by\u0142y dyskutowane w \u015brodowisku. Gdyby tym firmom rzeczywi\u015bcie tak bardzo zale\u017ca\u0142o na poprawie wizerunku, mog\u0142y ju\u017c dawno przy\u0142\u0105czy\u0107 si\u0119 do Izba Gospodarcza Ubezpiecze\u0144 i Obs\u0142ugi Ryzyka gdzie jest odpowiednia sekcja. Tak naprawd\u0119 powsta\u0142a nowa izba jest izb\u0105 po\u015brednik\u00f3w, aby nie powiedzie\u0107 naganiaczy. Nie pozostaje nam nic innego jak czeka\u0107 tylko na powstanie kolejnych izb i izbek.<\/em><\/p>\n<p style=\"text-align: center;\"><a href=\"http:\/\/www.odszkodowania.info.pl\/wp-content\/uploads\/votum.jpg\"><img decoding=\"async\" class=\"aligncenter size-medium wp-image-851\" title=\"&quot;Dziennik&quot; o Votum\" src=\"http:\/\/www.odszkodowania.info.pl\/wp-content\/uploads\/votum-300x118.jpg\" alt=\"&quot;Dziennik&quot; o Votum\" width=\"300\" height=\"118\" srcset=\"https:\/\/www.odszkodowania.info.pl\/wp-content\/uploads\/votum-300x118.jpg 300w, https:\/\/www.odszkodowania.info.pl\/wp-content\/uploads\/votum.jpg 762w\" sizes=\"(max-width: 300px) 100vw, 300px\" \/><\/a><\/p>\n","protected":false},"excerpt":{"rendered":"<p>Postanowieniem s\u0105du z dnia 13 maja 2010 r. wpisano do Krajowego Rejestru S\u0105dowego izb\u0119 gospodarcz\u0105 skupiaj\u0105c\u0105 stu kilkunastu przedsi\u0119biorc\u00f3w z bran\u017cy doradztwa odszkodowawczego. Izba jest organizacj\u0105 o og\u00f3lnokrajowym zasi\u0119gu dzia\u0142ania. Polska Izba Doradc\u00f3w i Po\u015brednik\u00f3w Odszkodowawczych stawia sobie za cel m.in. kszta\u0142towanie i promowanie dobrych praktyk oraz wp\u0142ywanie na rozw\u00f3j bran\u017cy odszkodowawczej poprzez przedstawianie propozycji [&hellip;]<\/p>\n","protected":false},"author":2,"featured_media":0,"comment_status":"open","ping_status":"open","sticky":false,"template":"","format":"standard","meta":{"footnotes":""},"categories":[8],"tags":[],"class_list":["post-845","post","type-post","status-publish","format-standard","hentry","category-aktualnosci"],"_links":{"self":[{"href":"https:\/\/www.odszkodowania.info.pl\/index.php?rest_route=\/wp\/v2\/posts\/845","targetHints":{"allow":["GET"]}}],"collection":[{"href":"https:\/\/www.odszkodowania.info.pl\/index.php?rest_route=\/wp\/v2\/posts"}],"about":[{"href":"https:\/\/www.odszkodowania.info.pl\/index.php?rest_route=\/wp\/v2\/types\/post"}],"author":[{"embeddable":true,"href":"https:\/\/www.odszkodowania.info.pl\/index.php?rest_route=\/wp\/v2\/users\/2"}],"replies":[{"embeddable":true,"href":"https:\/\/www.odszkodowania.info.pl\/index.php?rest_route=%2Fwp%2Fv2%2Fcomments&post=845"}],"version-history":[{"count":8,"href":"https:\/\/www.odszkodowania.info.pl\/index.php?rest_route=\/wp\/v2\/posts\/845\/revisions"}],"predecessor-version":[{"id":847,"href":"https:\/\/www.odszkodowania.info.pl\/index.php?rest_route=\/wp\/v2\/posts\/845\/revisions\/847"}],"wp:attachment":[{"href":"https:\/\/www.odszkodowania.info.pl\/index.php?rest_route=%2Fwp%2Fv2%2Fmedia&parent=845"}],"wp:term":[{"taxonomy":"category","embeddable":true,"href":"https:\/\/www.odszkodowania.info.pl\/index.php?rest_route=%2Fwp%2Fv2%2Fcategories&post=845"},{"taxonomy":"post_tag","embeddable":true,"href":"https:\/\/www.odszkodowania.info.pl\/index.php?rest_route=%2Fwp%2Fv2%2Ftags&post=845"}],"curies":[{"name":"wp","href":"https:\/\/api.w.org\/{rel}","templated":true}]}}