{"id":938,"date":"2010-09-09T21:40:43","date_gmt":"2010-09-09T20:40:43","guid":{"rendered":"http:\/\/www.odszkodowania.info.pl\/?p=938"},"modified":"2010-09-09T21:40:43","modified_gmt":"2010-09-09T20:40:43","slug":"marta-kaczynska-odebrala-ubezpieczenie-za-smierc-rodzicow-3-mln-zl","status":"publish","type":"post","link":"https:\/\/www.odszkodowania.info.pl\/?p=938","title":{"rendered":"Marta Kaczy\u0144ska odebra\u0142a ubezpieczenie za \u015bmier\u0107 rodzic\u00f3w &#8211; 3 mln z\u0142"},"content":{"rendered":"<p> Marta Kaczy\u0144ska otrzyma\u0142a ju\u017c ubezpieczenie z tytu\u0142u tragicznej \u015bmierci rodzic\u00f3w na \u0142\u0105czn\u0105 kwot\u0119 3 mln z\u0142. Informacje te potwierdzili urz\u0119dnicy Kancelarii Prezydenta.<br \/>\n&#8211; Co prawda kancelaria nie jest jednostk\u0105, kt\u00f3ra wyp\u0142aca ubezpieczenie, ale wiemy, \u017ce pieni\u0105dze z tego tytu\u0142u zosta\u0142y wyp\u0142acone ju\u017c przez ubezpieczyciela &#8211; powiedzia\u0142 jeden z wysokich rang\u0105 urz\u0119dnik\u00f3w Pa\u0142acu.<\/p>\n<p>Jak uda\u0142o si\u0119 ustali\u0107, Lech Kaczy\u0144ski by\u0142 ubezpieczony na 2 mln z\u0142, a jego \u017cona na milion. W sumie wi\u0119c Kaczy\u0144ska od firmy ubezpieczeniowej Warta otrzyma\u0142a 3 mln z\u0142. Wiadomo te\u017c, \u017ce umowa obejmuj\u0105ca ubezpieczenie tragicznie zmar\u0142ej pary prezydenckiej by\u0142a kontynuacja tej, kt\u00f3r\u0105 mia\u0142 Aleksander Kwa\u015bniewski. Podobno polisa mia\u0142a bardzo szeroki zakres &#8211; obejmowa\u0142a m.in. podr\u00f3\u017ce zagraniczne oraz krajowe.<\/p>\n<p>Do wyp\u0142aty ubezpieczenia Wart\u0119 wyznaczyli urz\u0119dnicy z Kancelarii. Nikt z pracownik\u00f3w firmy nie chcia\u0142 jednak ujawni\u0107 \u017cadnych szczeg\u00f3\u0142\u00f3w. &#8211; Nie udzielamy tego typu informacji &#8211; powiedzia\u0142a dyrektor biura PR Warta S.A. Monika Nowakowska.<\/p>\n<p>&#8222;Super Express&#8221;, ps<\/p>\n","protected":false},"excerpt":{"rendered":"<p>Marta Kaczy\u0144ska otrzyma\u0142a ju\u017c ubezpieczenie z tytu\u0142u tragicznej \u015bmierci rodzic\u00f3w na \u0142\u0105czn\u0105 kwot\u0119 3 mln z\u0142. Informacje te potwierdzili urz\u0119dnicy Kancelarii Prezydenta. &#8211; Co prawda kancelaria nie jest jednostk\u0105, kt\u00f3ra wyp\u0142aca ubezpieczenie, ale wiemy, \u017ce pieni\u0105dze z tego tytu\u0142u zosta\u0142y wyp\u0142acone ju\u017c przez ubezpieczyciela &#8211; powiedzia\u0142 jeden z wysokich rang\u0105 urz\u0119dnik\u00f3w Pa\u0142acu. Jak uda\u0142o si\u0119 [&hellip;]<\/p>\n","protected":false},"author":2,"featured_media":0,"comment_status":"open","ping_status":"open","sticky":false,"template":"","format":"standard","meta":{"footnotes":""},"categories":[8],"tags":[12,13],"class_list":["post-938","post","type-post","status-publish","format-standard","hentry","category-aktualnosci","tag-odszkodowanie","tag-zadoscuczynienie"],"_links":{"self":[{"href":"https:\/\/www.odszkodowania.info.pl\/index.php?rest_route=\/wp\/v2\/posts\/938","targetHints":{"allow":["GET"]}}],"collection":[{"href":"https:\/\/www.odszkodowania.info.pl\/index.php?rest_route=\/wp\/v2\/posts"}],"about":[{"href":"https:\/\/www.odszkodowania.info.pl\/index.php?rest_route=\/wp\/v2\/types\/post"}],"author":[{"embeddable":true,"href":"https:\/\/www.odszkodowania.info.pl\/index.php?rest_route=\/wp\/v2\/users\/2"}],"replies":[{"embeddable":true,"href":"https:\/\/www.odszkodowania.info.pl\/index.php?rest_route=%2Fwp%2Fv2%2Fcomments&post=938"}],"version-history":[{"count":1,"href":"https:\/\/www.odszkodowania.info.pl\/index.php?rest_route=\/wp\/v2\/posts\/938\/revisions"}],"predecessor-version":[{"id":939,"href":"https:\/\/www.odszkodowania.info.pl\/index.php?rest_route=\/wp\/v2\/posts\/938\/revisions\/939"}],"wp:attachment":[{"href":"https:\/\/www.odszkodowania.info.pl\/index.php?rest_route=%2Fwp%2Fv2%2Fmedia&parent=938"}],"wp:term":[{"taxonomy":"category","embeddable":true,"href":"https:\/\/www.odszkodowania.info.pl\/index.php?rest_route=%2Fwp%2Fv2%2Fcategories&post=938"},{"taxonomy":"post_tag","embeddable":true,"href":"https:\/\/www.odszkodowania.info.pl\/index.php?rest_route=%2Fwp%2Fv2%2Ftags&post=938"}],"curies":[{"name":"wp","href":"https:\/\/api.w.org\/{rel}","templated":true}]}}