{"id":946,"date":"2010-09-28T21:18:00","date_gmt":"2010-09-28T20:18:00","guid":{"rendered":"http:\/\/www.odszkodowania.info.pl\/?p=946"},"modified":"2010-09-28T21:18:00","modified_gmt":"2010-09-28T20:18:00","slug":"trwa-walka-o-odszkodowanie-za-spiaczke-edyty-terki","status":"publish","type":"post","link":"https:\/\/www.odszkodowania.info.pl\/?p=946","title":{"rendered":"Trwa walka o odszkodowanie za \u015bpi\u0105czk\u0119 Edyty Terki"},"content":{"rendered":"<p> Wroc\u0142awski s\u0105d apelacyjny w przysz\u0142ym tygodniu zadecyduje, czy 800 tys. z\u0142 zado\u015b\u0107uczynienia i odszkodowania za spowodowanie \u015bpi\u0105czki Edyty Terki we wroc\u0142awskim szpitalu to odpowiednia kwota. Matka chorej uwa\u017ca, \u017ce to za ma\u0142o, pe\u0142nomocnik urz\u0119du marsza\u0142kowskiego, przekonuje, \u017ce za du\u017co. I \u017ce Edyt\u0119 mo\u017cna odda\u0107 do specjalistycznego zak\u0142adu.<br \/>\nO tym, \u017ce wojew\u00f3dztwo dolno\u015bl\u0105skie, kt\u00f3re przej\u0119\u0142o zobowi\u0105zania po zlikwidowanym Szpitalu im. Rydygiera, ma zap\u0142aci\u0107 matce Edyty Wies\u0142awie Terce 500 tys. z\u0142 zado\u015b\u0107uczynienia i 300 tys. z\u0142 odszkodowania oraz wyp\u0142aca\u0107 co miesi\u0105c 13 tys. z\u0142 renty, zdecydowa\u0142 w maju wroc\u0142awski s\u0105d okr\u0119gowy. Stwierdzi\u0142 on ponad wszelk\u0105 w\u0105tpliwo\u015b\u0107, \u017ce to z winy lekarzy we wrze\u015bniu 2002 roku 25-letnia w\u00f3wczas Edyta Terka po planowanej operacji tarczycy zapad\u0142a w \u015bpi\u0105czk\u0119.<\/p>\n<p>Obie strony procesu nie zgodzi\u0142y si\u0119 z wysoko\u015bci\u0105 zas\u0105dzonych kwot i odwo\u0142a\u0142y si\u0119 od wyroku. Mama Edyty domaga si\u0119 miliona z\u0142otych zado\u015b\u0107uczynienia i 360 tys. z\u0142 odszkodowania oraz 21 tys. z\u0142 renty miesi\u0119cznie.<\/p>\n<p>Pe\u0142nomocniczki Wies\u0142awy Terki Monika Berestecka i Justyna Flankowska przekonywa\u0142y m.in., \u017ce s\u0105d okr\u0119gowy nies\u0142usznie nie uwzgl\u0119dni\u0142 kilku wydatk\u00f3w poniesionych przez mam\u0119 Edyty, jak cho\u0107by na remont \u0142azienki. T\u0142umaczy\u0142y te\u017c, \u017ce utrzymanie Edyty w dobrej formie kosztuje miesi\u0119cznie wi\u0119cej ni\u017c 13 tys. z\u0142. Wyja\u015bni\u0142y, \u017ce s\u0105d nies\u0142usznie przyj\u0105\u0142, \u017ce przez osiem godzin dziennie chor\u0105 opiekuje si\u0119 piel\u0119gniarka op\u0142acana przez pomoc spo\u0142eczn\u0105, gdy tymczasem po tym, jak urz\u0105d wyp\u0142aci\u0142 matce pierwsz\u0105 rat\u0119 zas\u0105dzonej kwoty, straci\u0142a ona prawo do darmowej opieki.<\/p>\n<p>Mecenas Flankowska podkre\u015bla\u0142a, \u017ce je\u015bli chodzi o zado\u015b\u0107uczynienie, to pod uwag\u0119 trzeba wzi\u0105\u0107 stan fizyczny Edyty po operacji oraz jej cierpienia po operacji, a tak\u017ce brak szans na wyzdrowienie. M\u0142oda kobieta nie mo\u017ce by\u0107 ju\u017c matk\u0105 dla dwojga swoich dzieci, a babcia tak\u017ce straci\u0142a z nimi kontakt, gdy\u017c wychowuj\u0105 je dziadkowie ze strony ojca.<\/p>\n<p>Mecenas Artur Nowicki broni\u0142 racji urz\u0119du marsza\u0142kowskiego, zapewniaj\u0105c, \u017ce wojew\u00f3dztwo chce zap\u0142aci\u0107, ale a\u017c tyle, bo przecie\u017c musi tak\u017ce uwzgl\u0119dnia\u0107 fakt, \u017ce s\u0105 to pieni\u0105dze wszystkich mieszka\u0144c\u00f3w regionu. Doda\u0142 te\u017c, \u017ce matka Edyty nie musi si\u0119 ni\u0105 opiekowa\u0107 samodzielnie, mo\u017ce j\u0105 przecie\u017c odda\u0107 do specjalistycznego zak\u0142adu op\u0142acanego przez NFZ.<\/p>\n<p>S\u0105d swoj\u0105 decyzj\u0119 og\u0142osi 7 pa\u017adziernika.<\/p>\n<p>** Na pocz\u0105tku wrze\u015bnia wroc\u0142awski s\u0105d rejonowy skaza\u0142 Ryszarda S. na rok wi\u0119zienia w zawieszeniu na dwa lata za nieumy\u015blne nara\u017cenie Edyty Terki na bezpo\u015brednie niebezpiecze\u0144stwo utraty \u017cycia i zdrowia oraz nieumy\u015blne spowodowanie ci\u0119\u017ckiego uszczerbku na zdrowiu. Doktor S., kt\u00f3ry mia\u0142 dy\u017cur w noc po operacji Edyty, nie skontrolowa\u0142 stanu rany pooperacyjnej i nie zauwa\u017cy\u0142, \u017ce utworzy\u0142 si\u0119 w niej krwiak, kt\u00f3ry uniemo\u017cliwi\u0142 pacjentce oddychanie. To doprowadzi\u0142o do niedotlenienia m\u00f3zgu i \u015bpi\u0105czki.<\/p>\n<p>Wyrok nie jest prawomocny. Wcze\u015bniej s\u0105d skaza\u0142 prawomocnie doktora Ryszarda M., ordynatora oddzia\u0142u, na kt\u00f3rym le\u017ca\u0142a Edyta, na p\u00f3\u0142 roku wi\u0119zienia w zawieszeniu na dwa lata.<\/p>\n<p>\u0179r\u00f3d\u0142o: Gazeta Wyborcza Wroc\u0142aw<\/p>\n","protected":false},"excerpt":{"rendered":"<p>Wroc\u0142awski s\u0105d apelacyjny w przysz\u0142ym tygodniu zadecyduje, czy 800 tys. z\u0142 zado\u015b\u0107uczynienia i odszkodowania za spowodowanie \u015bpi\u0105czki Edyty Terki we wroc\u0142awskim szpitalu to odpowiednia kwota. Matka chorej uwa\u017ca, \u017ce to za ma\u0142o, pe\u0142nomocnik urz\u0119du marsza\u0142kowskiego, przekonuje, \u017ce za du\u017co. I \u017ce Edyt\u0119 mo\u017cna odda\u0107 do specjalistycznego zak\u0142adu. O tym, \u017ce wojew\u00f3dztwo dolno\u015bl\u0105skie, kt\u00f3re przej\u0119\u0142o zobowi\u0105zania [&hellip;]<\/p>\n","protected":false},"author":2,"featured_media":0,"comment_status":"open","ping_status":"open","sticky":false,"template":"","format":"standard","meta":{"footnotes":""},"categories":[8],"tags":[12,13],"class_list":["post-946","post","type-post","status-publish","format-standard","hentry","category-aktualnosci","tag-odszkodowanie","tag-zadoscuczynienie"],"_links":{"self":[{"href":"https:\/\/www.odszkodowania.info.pl\/index.php?rest_route=\/wp\/v2\/posts\/946","targetHints":{"allow":["GET"]}}],"collection":[{"href":"https:\/\/www.odszkodowania.info.pl\/index.php?rest_route=\/wp\/v2\/posts"}],"about":[{"href":"https:\/\/www.odszkodowania.info.pl\/index.php?rest_route=\/wp\/v2\/types\/post"}],"author":[{"embeddable":true,"href":"https:\/\/www.odszkodowania.info.pl\/index.php?rest_route=\/wp\/v2\/users\/2"}],"replies":[{"embeddable":true,"href":"https:\/\/www.odszkodowania.info.pl\/index.php?rest_route=%2Fwp%2Fv2%2Fcomments&post=946"}],"version-history":[{"count":1,"href":"https:\/\/www.odszkodowania.info.pl\/index.php?rest_route=\/wp\/v2\/posts\/946\/revisions"}],"predecessor-version":[{"id":947,"href":"https:\/\/www.odszkodowania.info.pl\/index.php?rest_route=\/wp\/v2\/posts\/946\/revisions\/947"}],"wp:attachment":[{"href":"https:\/\/www.odszkodowania.info.pl\/index.php?rest_route=%2Fwp%2Fv2%2Fmedia&parent=946"}],"wp:term":[{"taxonomy":"category","embeddable":true,"href":"https:\/\/www.odszkodowania.info.pl\/index.php?rest_route=%2Fwp%2Fv2%2Fcategories&post=946"},{"taxonomy":"post_tag","embeddable":true,"href":"https:\/\/www.odszkodowania.info.pl\/index.php?rest_route=%2Fwp%2Fv2%2Ftags&post=946"}],"curies":[{"name":"wp","href":"https:\/\/api.w.org\/{rel}","templated":true}]}}