{"id":968,"date":"2010-10-15T08:27:22","date_gmt":"2010-10-15T07:27:22","guid":{"rendered":"http:\/\/www.odszkodowania.info.pl\/?p=968"},"modified":"2010-10-15T08:27:22","modified_gmt":"2010-10-15T07:27:22","slug":"%e2%80%9ekancelarie-i-doradcy-odszkodowawczy%e2%80%9d-%e2%80%93-konferencja-rzecznika-ubezpieczonych-i-fundacji-edukacji-ubezpieczeniowej","status":"publish","type":"post","link":"https:\/\/www.odszkodowania.info.pl\/?p=968","title":{"rendered":"\u201eKancelarie i doradcy odszkodowawczy\u201d \u2013 konferencja Rzecznika Ubezpieczonych i Fundacji Edukacji Ubezpieczeniowej"},"content":{"rendered":"<p>Wyj\u0105tkowo dynamicznie rozwijaj\u0105ce si\u0119 w ostatnich latach podmioty &#8211; kancelarie i doradcy specjalizuj\u0105cy si\u0119 w dochodzeniu roszcze\u0144 odszkodowawczych stanowi\u0105 coraz istotniejszy i jak pokazuje praktyka potrzebny poszkodowanym element funkcjonowania polskiego rynku ubezpieczeniowego. Maj\u0105 one jednocze\u015bnie coraz szerszy wp\u0142yw zar\u00f3wno na osi\u0105gane wyniki finansowe szczeg\u00f3lnie w ubezpieczeniach odpowiedzialno\u015bci cywilnej, jak i popraw\u0119 \u015bwiadomo\u015bci prawnej i odszkodowawczej polskiego spo\u0142ecze\u0144stwa. Z drugiej strony prowadzona przez nie dzia\u0142alno\u015b\u0107, szczeg\u00f3lnie na etapie akwizycji, ujawnia szereg niepokoj\u0105cych, a w niekt\u00f3rych przypadkach patologicznych zjawisk, co otwiera dyskusje nad konieczno\u015bci\u0105 uj\u0119cia jej w ramy prawne.<\/p>\n<p>Rzecznik Ubezpieczonych oraz Fundacja Edukacji Ubezpieczeniowej pragn\u0105 zainicjowa\u0107 przekrojow\u0105 debat\u0119 po\u015bwi\u0119con\u0105 problematyce podmiot\u00f3w \u015bwiadcz\u0105cych us\u0142ugi dochodzenia roszcze\u0144 odszkodowawczych, kt\u00f3ra stanie si\u0119 p\u0142aszczyzn\u0105 wymiany pogl\u0105d\u00f3w, om\u00f3wienia wyst\u0119puj\u0105cych w praktyce problem\u00f3w, wskazania postulowanych kierunk\u00f3w rozwi\u0105za\u0144 legislacyjnych, co w przysz\u0142o\u015bci przek\u0142ada\u0107 si\u0119 b\u0119dzie na zr\u00f3wnowa\u017cony rozw\u00f3j ca\u0142ego rynku, a by\u0107 mo\u017ce na szersz\u0105 ni\u017c dotychczas wsp\u00f3\u0142prac\u0119 bran\u017cy ubezpieczeniowej z odszkodowawcz\u0105.<\/p>\n<p>Okazj\u0105 do takiego spotkania jest Konferencja z okazji XV \u2013 lecia instytucji Rzecznika Ubezpieczonych w Polsce pt.  <\/p>\n<p>\u201eKancelarie i doradcy odszkodowawczy\u201d<\/p>\n<p>W konferencji udzia\u0142 wezm\u0105 przedstawiciele Ministerstwa Finans\u00f3w, nauki, samorz\u0105d\u00f3w gospodarczych kancelarii i doradc\u00f3w odszkodowawczych, zak\u0142ad\u00f3w ubezpiecze\u0144, Ubezpieczeniowego Funduszu Gwarancyjnego, medi\u00f3w oraz organizacji konsumenckich.<\/p>\n<p>Oczekujemy, \u017ce podczas konferencji reprezentanci zainteresowanych niniejsz\u0105 problematyk\u0105 podmiot\u00f3w, uka\u017c\u0105 nurtuj\u0105ce ich kwestie, z kt\u00f3rymi spotykaj\u0105 si\u0119 w zwi\u0105zku z realizowanymi zadaniami, a jednocze\u015bnie odnosz\u0105cymi si\u0119 do problematyki dochodzenia roszcze\u0144 realizowanymi przez kancelarie i doradc\u00f3w odszkodowawczych. Jeste\u015bmy r\u00f3wnie\u017c zdania, \u017ce owocem planowanej konferencji b\u0119dzie wytyczenie cel\u00f3w i kierunk\u00f3w, kt\u00f3re pozwoli\u0142yby w przysz\u0142o\u015bci wyeliminowa\u0107 z obrotu rodz\u0105ce w\u0105tpliwo\u015bci zjawiska. Oczekujemy, \u017ce we\u017amiecie Pa\u0144stwo udzia\u0142 w tym spotkaniu, dziel\u0105c si\u0119 jednocze\u015bnie swoimi pogl\u0105dami na omawiane podczas konferencji zagadnienia.<\/p>\n<p>Konferencja odb\u0119dzie si\u0119 w dniu 16 listopada 2010 r. w sali konferencyjnej \u201eA\u201d w siedzibie Naczelnej Organizacji Technicznej, ul. Czackiego 3\/5, 00-950 Warszawa, w godzinach 9.15 \u2013 16.40<\/p>\n","protected":false},"excerpt":{"rendered":"<p>Wyj\u0105tkowo dynamicznie rozwijaj\u0105ce si\u0119 w ostatnich latach podmioty &#8211; kancelarie i doradcy specjalizuj\u0105cy si\u0119 w dochodzeniu roszcze\u0144 odszkodowawczych stanowi\u0105 coraz istotniejszy i jak pokazuje praktyka potrzebny poszkodowanym element funkcjonowania polskiego rynku ubezpieczeniowego. Maj\u0105 one jednocze\u015bnie coraz szerszy wp\u0142yw zar\u00f3wno na osi\u0105gane wyniki finansowe szczeg\u00f3lnie w ubezpieczeniach odpowiedzialno\u015bci cywilnej, jak i popraw\u0119 \u015bwiadomo\u015bci prawnej i odszkodowawczej [&hellip;]<\/p>\n","protected":false},"author":2,"featured_media":0,"comment_status":"open","ping_status":"open","sticky":false,"template":"","format":"standard","meta":{"footnotes":""},"categories":[8],"tags":[],"class_list":["post-968","post","type-post","status-publish","format-standard","hentry","category-aktualnosci"],"_links":{"self":[{"href":"https:\/\/www.odszkodowania.info.pl\/index.php?rest_route=\/wp\/v2\/posts\/968","targetHints":{"allow":["GET"]}}],"collection":[{"href":"https:\/\/www.odszkodowania.info.pl\/index.php?rest_route=\/wp\/v2\/posts"}],"about":[{"href":"https:\/\/www.odszkodowania.info.pl\/index.php?rest_route=\/wp\/v2\/types\/post"}],"author":[{"embeddable":true,"href":"https:\/\/www.odszkodowania.info.pl\/index.php?rest_route=\/wp\/v2\/users\/2"}],"replies":[{"embeddable":true,"href":"https:\/\/www.odszkodowania.info.pl\/index.php?rest_route=%2Fwp%2Fv2%2Fcomments&post=968"}],"version-history":[{"count":1,"href":"https:\/\/www.odszkodowania.info.pl\/index.php?rest_route=\/wp\/v2\/posts\/968\/revisions"}],"predecessor-version":[{"id":969,"href":"https:\/\/www.odszkodowania.info.pl\/index.php?rest_route=\/wp\/v2\/posts\/968\/revisions\/969"}],"wp:attachment":[{"href":"https:\/\/www.odszkodowania.info.pl\/index.php?rest_route=%2Fwp%2Fv2%2Fmedia&parent=968"}],"wp:term":[{"taxonomy":"category","embeddable":true,"href":"https:\/\/www.odszkodowania.info.pl\/index.php?rest_route=%2Fwp%2Fv2%2Fcategories&post=968"},{"taxonomy":"post_tag","embeddable":true,"href":"https:\/\/www.odszkodowania.info.pl\/index.php?rest_route=%2Fwp%2Fv2%2Ftags&post=968"}],"curies":[{"name":"wp","href":"https:\/\/api.w.org\/{rel}","templated":true}]}}