{"id":976,"date":"2010-10-31T12:30:55","date_gmt":"2010-10-31T11:30:55","guid":{"rendered":"http:\/\/www.odszkodowania.info.pl\/?p=976"},"modified":"2010-10-31T12:30:55","modified_gmt":"2010-10-31T11:30:55","slug":"dwa-lata-walczy-o-odszkodowanie-po-wypadku-z-geremkiem","status":"publish","type":"post","link":"https:\/\/www.odszkodowania.info.pl\/?p=976","title":{"rendered":"Dwa lata walczy o odszkodowanie po wypadku z Geremkiem"},"content":{"rendered":"<p>490 z\u0142 renty, niesprawna noga i proces w s\u0105dzie o odszkodowanie &#8211; tak dzisiaj wygl\u0105da \u017cycie Edwarda Paterka, poszkodowanego w wypadku, w kt\u00f3rym zgin\u0105\u0142 profesor Bronis\u0142aw Geremek. Teraz chce wywalczy\u0107 100 tys. z\u0142 odszkodowania.<\/p>\n<p>Chwili, w kt\u00f3rej mercedes by\u0142ego europarlamentarzysty wbi\u0142 si\u0119 w prowadzonego przez Paterka fiata ducato, kierowca nie potrafi sobie przypomnie\u0107. Za to do ko\u0144ca \u017cycia zapami\u0119ta walk\u0119, kt\u00f3r\u0105 musi toczy\u0107 z ubezpieczycielem o odszkodowanie.<\/p>\n<p>&#8211; Nie mog\u0119 zgina\u0107 lewej nogi w kolanie &#8211; opowiada &#8222;G\u0142osowi Wielkopolskiemu&#8221; Edward Paterek. &#8211; Kilka stopni i koniec. Nawet w nocy przewracaj\u0105c si\u0119 z boku na bok musz\u0119 si\u0119 przebudzi\u0107, \u017ceby przenie\u015b\u0107 nog\u0119 r\u0119kami na druga stron\u0119, bo to jest tak silny b\u00f3l &#8211; tak m\u0119\u017cczyzna opisuje skutki wypadku, z jakimi do dzi\u015b musi si\u0119 zmaga\u0107. &#8211; Na g\u0142owie mam \u015blady po uderzeniu, a na klatce piersiowej przy z\u0142amanych \u017cebrach blizn\u0119, jakby kto\u015b mnie postrzeli\u0142 &#8211; dodaje.<\/p>\n<p>Edward Paterek zaraz po tragedii, do kt\u00f3rej dosz\u0142o 13 lipca 2008 roku, trafi\u0142 do szpitala. Tam sp\u0119dzi\u0142 sze\u015b\u0107 tygodni. Kolejne przele\u017ca\u0142 w domu w gipsie. P\u00f3\u017aniej przyszed\u0142 stres zwi\u0105zany z prokuratorskimi przes\u0142uchaniami w sprawie wypadku, gdy\u017c za sprawc\u0119 zderzenia dopiero w grudniu 2008 roku uznano prof. Geremka. Od tamtego czasu poszkodowany kierowca nie pracuje. Chcia\u0142by wr\u00f3ci\u0107 do aktywno\u015bci zawodowej, ale nie ma takiej mo\u017cliwo\u015bci, bo nie mo\u017ce przenosi\u0107 ci\u0119\u017caru cia\u0142a na chor\u0105 nog\u0119. Jego dochody to 490 z\u0142 renty przyznanej przez ZUS.<\/p>\n<p>&#8211; Po wypadku ubezpieczyciel wyp\u0142aci\u0142 mi 50 tys. z\u0142. P\u00f3\u017aniej zaproponowali dodatkowe 20 tys. z\u0142 i na tym chcieli zako\u0144czy\u0107 spraw\u0119 &#8211; wyja\u015bnia Edward Paterek. &#8211; Nie zgodzi\u0142em si\u0119 na tak\u0105 kwot\u0119. Jest za niska w sytuacji, gdy nie mog\u0119 pracowa\u0107 &#8211; podkre\u015bla pokrzywdzony.<\/p>\n<p>Ubezpieczyciel nie chcia\u0142 si\u0119 zgodzi\u0107 na warunki poszkodowanego i sprawa trafi\u0142a do s\u0105du. Obecnie zajmuje si\u0119 ni\u0105 bieg\u0142y s\u0105dowy, kt\u00f3rego opinia mo\u017ce by\u0107 rozstrzygaj\u0105ca dla sprawy. Kiedy mo\u017cna spodziewa\u0107 si\u0119 prawomocnego orzeczenia? Tego na razie nie wiadomo. &#8211; Chc\u0119, \u017ceby ubezpieczyciel wyp\u0142aci\u0142 mi 100 tys. z\u0142, to by wystarczy\u0142o, \u017cebym m\u00f3g\u0142 jako\u015b u\u0142o\u017cy\u0107 \u017cycie po wypadku. ZUS przyzna\u0142 mi rent\u0119 na osiem lat z mo\u017cliwo\u015bci\u0105 do\u017cywotniego przed\u0142u\u017cenia, wi\u0119c nie wiem, dlaczego ubezpieczyciel nie chce uzna\u0107, \u017ce nie tylko z\u0142ama\u0142em sobie nog\u0119, ale mam powa\u017cniejsze obra\u017cenia &#8211; podkre\u015bla Paterek.<\/p>\n<p>W\u0105tpliwo\u015bci po wypadku<\/p>\n<p>Do tragicznego wypadku, w kt\u00f3rym zgin\u0105\u0142 prof. Bronis\u0142aw Geremek, dosz\u0142o w lipcu 2008 roku w okolicach Miedzichowa. Auto polityka z nieznanych przyczyn uderzy\u0142o w jad\u0105cego prawid\u0142owo fiata ducato, kierowanego przez Edwarda Paterka. M\u0119\u017cczyzna dozna\u0142 licznych obra\u017ce\u0144, podobnie jak jego zi\u0119\u0107, kt\u00f3ry tak\u017ce podr\u00f3\u017cowa\u0142 fiatem. \u015aledztwo przez wiele miesi\u0119cy nie potrafi\u0142o odpowiedzie\u0107, co by\u0142o przyczyn\u0105 wypadku. Na \u0142amach &#8222;G\u0142osu&#8221; informowali\u015bmy o w\u0105tpliwo\u015bciach zwi\u0105zanych z tocz\u0105cym si\u0119 post\u0119powaniem. Ostatecznie uznano, \u017ce winnym by\u0142 profesor, kt\u00f3ry m\u00f3g\u0142 zasn\u0105\u0107 za kierownic\u0105.<\/p>\n<p>Mateusz Pilarczyk, Polska G\u0142os Wielkopolski<\/p>\n","protected":false},"excerpt":{"rendered":"<p>490 z\u0142 renty, niesprawna noga i proces w s\u0105dzie o odszkodowanie &#8211; tak dzisiaj wygl\u0105da \u017cycie Edwarda Paterka, poszkodowanego w wypadku, w kt\u00f3rym zgin\u0105\u0142 profesor Bronis\u0142aw Geremek. Teraz chce wywalczy\u0107 100 tys. z\u0142 odszkodowania. Chwili, w kt\u00f3rej mercedes by\u0142ego europarlamentarzysty wbi\u0142 si\u0119 w prowadzonego przez Paterka fiata ducato, kierowca nie potrafi sobie przypomnie\u0107. Za to [&hellip;]<\/p>\n","protected":false},"author":2,"featured_media":0,"comment_status":"open","ping_status":"open","sticky":false,"template":"","format":"standard","meta":{"footnotes":""},"categories":[8],"tags":[12,13],"class_list":["post-976","post","type-post","status-publish","format-standard","hentry","category-aktualnosci","tag-odszkodowanie","tag-zadoscuczynienie"],"_links":{"self":[{"href":"https:\/\/www.odszkodowania.info.pl\/index.php?rest_route=\/wp\/v2\/posts\/976","targetHints":{"allow":["GET"]}}],"collection":[{"href":"https:\/\/www.odszkodowania.info.pl\/index.php?rest_route=\/wp\/v2\/posts"}],"about":[{"href":"https:\/\/www.odszkodowania.info.pl\/index.php?rest_route=\/wp\/v2\/types\/post"}],"author":[{"embeddable":true,"href":"https:\/\/www.odszkodowania.info.pl\/index.php?rest_route=\/wp\/v2\/users\/2"}],"replies":[{"embeddable":true,"href":"https:\/\/www.odszkodowania.info.pl\/index.php?rest_route=%2Fwp%2Fv2%2Fcomments&post=976"}],"version-history":[{"count":1,"href":"https:\/\/www.odszkodowania.info.pl\/index.php?rest_route=\/wp\/v2\/posts\/976\/revisions"}],"predecessor-version":[{"id":977,"href":"https:\/\/www.odszkodowania.info.pl\/index.php?rest_route=\/wp\/v2\/posts\/976\/revisions\/977"}],"wp:attachment":[{"href":"https:\/\/www.odszkodowania.info.pl\/index.php?rest_route=%2Fwp%2Fv2%2Fmedia&parent=976"}],"wp:term":[{"taxonomy":"category","embeddable":true,"href":"https:\/\/www.odszkodowania.info.pl\/index.php?rest_route=%2Fwp%2Fv2%2Fcategories&post=976"},{"taxonomy":"post_tag","embeddable":true,"href":"https:\/\/www.odszkodowania.info.pl\/index.php?rest_route=%2Fwp%2Fv2%2Ftags&post=976"}],"curies":[{"name":"wp","href":"https:\/\/api.w.org\/{rel}","templated":true}]}}