{"id":996,"date":"2010-11-30T22:32:07","date_gmt":"2010-11-30T21:32:07","guid":{"rendered":"http:\/\/www.odszkodowania.info.pl\/?p=996"},"modified":"2010-11-30T22:32:07","modified_gmt":"2010-11-30T21:32:07","slug":"pzu-nie-chce-placic-za-remont-fryderyka-chopina","status":"publish","type":"post","link":"https:\/\/www.odszkodowania.info.pl\/?p=996","title":{"rendered":"PZU nie chce p\u0142aci\u0107 za remont &#8222;Fryderyka Chopina&#8221;"},"content":{"rendered":"<p>PZU nie chce p\u0142aci\u0107 za remont uszkodzonego \u017caglowca &#8222;Fryderyk Chopin&#8221; &#8211; alarmuje kapitan Krzysztof Baranowski, pomys\u0142odawca i za\u0142o\u017cyciel fundacji prowadz\u0105cej &#8222;Szko\u0142\u0119 pod \u017baglami&#8221;, kt\u00f3ra odbywa si\u0119 na &#8222;Chopinie&#8221;.<br \/>\n&#8211; Tak\u0105 wiadomo\u015b\u0107 otrzymali\u015bmy od armatora. Nie wiem, jak to komentowa\u0107. W pierwszym odruchu armator (Europejska Wy\u017csza Szko\u0142a Prawa i Administracji w Warszawie) zapowiedzia\u0142 pozew do s\u0105du, ale nie widzia\u0142 jeszcze uzasadnienia, kt\u00f3re ma by\u0107 dost\u0119pne w pi\u0105tek &#8211; zaznaczy\u0142 Baranowski.<\/p>\n<p>&#8211; Brzmi to bardzo niepokoj\u0105co. Statek jest ubezpieczony w PZU od 20 lat. Sam go ubezpiecza\u0142em. Mo\u017ce oznacza\u0107, \u017ce p\u00f3jdzie na \u017cyletki &#8211; ostrzeg\u0142 kapitan.<\/p>\n<p><strong>Wypadek &#8222;Fryderyka Chopina&#8221;<\/strong><\/p>\n<p>Pod koniec pa\u017adziernika &#8222;Fryderyk Chopin&#8221; straci\u0142 oba maszty przy sztormowej pogodzie w odleg\u0142o\u015bci ok. 160 km na po\u0142udniowy zach\u00f3d od wysp Scilly na Atlantyku. Polski \u017caglowiec zosta\u0142 odholowany do portu Falmouth w Kornwalii, gdzie wci\u0105\u017c stoi. 36 gimnazjalist\u00f3w, kt\u00f3rzy uczestniczyli w rejsie w ramach &#8222;Szko\u0142y pod \u017baglami&#8221;, musia\u0142o przerwa\u0107 rejs na Karaiby. Uczniowie wr\u00f3cili autokarami do kraju.<\/p>\n<p>gazeta.pl<\/p>\n","protected":false},"excerpt":{"rendered":"<p>PZU nie chce p\u0142aci\u0107 za remont uszkodzonego \u017caglowca &#8222;Fryderyk Chopin&#8221; &#8211; alarmuje kapitan Krzysztof Baranowski, pomys\u0142odawca i za\u0142o\u017cyciel fundacji prowadz\u0105cej &#8222;Szko\u0142\u0119 pod \u017baglami&#8221;, kt\u00f3ra odbywa si\u0119 na &#8222;Chopinie&#8221;. &#8211; Tak\u0105 wiadomo\u015b\u0107 otrzymali\u015bmy od armatora. Nie wiem, jak to komentowa\u0107. W pierwszym odruchu armator (Europejska Wy\u017csza Szko\u0142a Prawa i Administracji w Warszawie) zapowiedzia\u0142 pozew do s\u0105du, [&hellip;]<\/p>\n","protected":false},"author":2,"featured_media":0,"comment_status":"open","ping_status":"open","sticky":false,"template":"","format":"standard","meta":{"footnotes":""},"categories":[8],"tags":[12],"class_list":["post-996","post","type-post","status-publish","format-standard","hentry","category-aktualnosci","tag-odszkodowanie"],"_links":{"self":[{"href":"https:\/\/www.odszkodowania.info.pl\/index.php?rest_route=\/wp\/v2\/posts\/996","targetHints":{"allow":["GET"]}}],"collection":[{"href":"https:\/\/www.odszkodowania.info.pl\/index.php?rest_route=\/wp\/v2\/posts"}],"about":[{"href":"https:\/\/www.odszkodowania.info.pl\/index.php?rest_route=\/wp\/v2\/types\/post"}],"author":[{"embeddable":true,"href":"https:\/\/www.odszkodowania.info.pl\/index.php?rest_route=\/wp\/v2\/users\/2"}],"replies":[{"embeddable":true,"href":"https:\/\/www.odszkodowania.info.pl\/index.php?rest_route=%2Fwp%2Fv2%2Fcomments&post=996"}],"version-history":[{"count":1,"href":"https:\/\/www.odszkodowania.info.pl\/index.php?rest_route=\/wp\/v2\/posts\/996\/revisions"}],"predecessor-version":[{"id":997,"href":"https:\/\/www.odszkodowania.info.pl\/index.php?rest_route=\/wp\/v2\/posts\/996\/revisions\/997"}],"wp:attachment":[{"href":"https:\/\/www.odszkodowania.info.pl\/index.php?rest_route=%2Fwp%2Fv2%2Fmedia&parent=996"}],"wp:term":[{"taxonomy":"category","embeddable":true,"href":"https:\/\/www.odszkodowania.info.pl\/index.php?rest_route=%2Fwp%2Fv2%2Fcategories&post=996"},{"taxonomy":"post_tag","embeddable":true,"href":"https:\/\/www.odszkodowania.info.pl\/index.php?rest_route=%2Fwp%2Fv2%2Ftags&post=996"}],"curies":[{"name":"wp","href":"https:\/\/api.w.org\/{rel}","templated":true}]}}