{"id":998,"date":"2010-12-01T12:33:15","date_gmt":"2010-12-01T11:33:15","guid":{"rendered":"http:\/\/www.odszkodowania.info.pl\/?p=998"},"modified":"2010-12-01T12:33:15","modified_gmt":"2010-12-01T11:33:15","slug":"czy-kierowca-moze-byc-winny-gdy-pieszy-wszedl-mu-pod-kola","status":"publish","type":"post","link":"https:\/\/www.odszkodowania.info.pl\/?p=998","title":{"rendered":"Czy kierowca mo\u017ce by\u0107 winny, gdy pieszy wszed\u0142 mu pod ko\u0142a?"},"content":{"rendered":"<p>Zielone \u015bwiat\u0142o nie zwalnia kierowcy z obowi\u0105zku uwa\u017cania na drodze &#8211; podkre\u015bli\u0142 toru\u0144ski s\u0105d, skazuj\u0105c 23-letniego Tomasza K. za \u015bmiertelne potr\u0105cenie pieszego, mimo \u017ce to on wbieg\u0142 mu pod ko\u0142a<br \/>\nBydgoszczanin dosta\u0142 dwa lata wi\u0119zienia w zawieszeniu na pi\u0119\u0107 lat oraz trzyletni zakaz prowadzenia wszelkich pojazd\u00f3w, co &#8211; zwa\u017cywszy, \u017ce jest zawodowym kierowc\u0105 &#8211; b\u0119dzie dla niego najdotkliwsze.<\/p>\n<p>&#8211; By\u0107 mo\u017ce b\u0119dzie nawet musia\u0142 zmieni\u0107 prac\u0119 &#8211; przyzna\u0142 s\u0119dzia Tomasz \u0141\u0119towski. &#8211; Jednak zanim zn\u00f3w usi\u0105dzie za kierownic\u0105, musi najpierw nabra\u0107 dystansu, przemy\u015ble\u0107 i zrozumie\u0107, \u017ce tym, co ma determinowa\u0107 kierowc\u0119, nie jest po\u015bpiech, lecz odpowiedzialno\u015b\u0107 za innych uczestnik\u00f3w ruchu, nawet je\u015bli post\u0119puj\u0105 oni nieprawid\u0142owo.<\/p>\n<p>Tak &#8211; na swoj\u0105 zgub\u0119 &#8211; zachowa\u0142 si\u0119 1 grudnia ub.r. student I roku archeologii UMK Micha\u0142 L. Chc\u0105c zd\u0105\u017cy\u0107 z zaj\u0119\u0107 na tramwaj, zdecydowa\u0142 si\u0119 przebiec przez Szos\u0119 Bydgosk\u0105 w Toruniu, pomimo czerwonej lampy na sygnalizatorze przy przej\u015bciu dla pieszych. Ch\u0142opak dosta\u0142 si\u0119 pod ko\u0142a nadje\u017cd\u017caj\u0105cego s\u0142u\u017cbowym renault kangoo Tomasza K. i zgin\u0105\u0142 na miejscu.<\/p>\n<p>&#8211; Co do winy studenta nie ma \u017cadnych w\u0105tpliwo\u015bci, jest ewidentna &#8211; powiedzia\u0142 s\u0119dzia. &#8211; Trzeba jednak zada\u0107 pytanie: czy kierowca maj\u0105cy zielone \u015bwiat\u0142o jest zwolniony z wszelkich obowi\u0105zk\u00f3w i odpowiedzialno\u015bci? Czy mo\u017ce cisn\u0105\u0107 peda\u0142 gazu do oporu?<\/p>\n<p>W miejscu, gdzie dosz\u0142o do wypadku, stoi znak ograniczaj\u0105cy pr\u0119dko\u015b\u0107 do 70 km na godz.<\/p>\n<p>&#8211; Ale czy to oznacza, \u017ce zawsze trzeba jecha\u0107 tam tak szybko? &#8211; zapyta\u0142 znowu s\u0119dzia.<\/p>\n<p>I odpowiedzia\u0142: &#8211; To by\u0142by absurd. Znak wskazuje jedynie dopuszczaln\u0105 pr\u0119dko\u015b\u0107 maksymaln\u0105, kt\u00f3r\u0105 jednak nie zawsze nale\u017cy rozwija\u0107. Nie w ka\u017cdych warunkach, nie o ka\u017cdej porze i &#8211; w ko\u0144cu &#8211; nie przez ka\u017cdy samoch\u00f3d.<\/p>\n<p>Tomasz K. przyzna\u0142, \u017ce m\u00f3g\u0142 jecha\u0107 nawet &#8222;osiemdziesi\u0105tk\u0105&#8221;, a wbiegaj\u0105cy na jezdni\u0119 Micha\u0142 L. zaskoczy\u0142 go a\u017c tak bardzo, \u017ce nie zd\u0105\u017cy\u0142 wcisn\u0105\u0107 hamulc\u00f3w.<\/p>\n<p>&#8211; 1 grudnia, przy mokrej nawierzchni i du\u017cym nat\u0119\u017ceniu ruchu by\u0142a to pr\u0119dko\u015b\u0107 niedopuszczalna. Dlatego oskar\u017cony jest w po\u0142owie wsp\u00f3\u0142winny tego wypadku. Trzeba by\u0142o jecha\u0107 40-50 km na godz., nie wi\u0119cej &#8211; powiedzia\u0142 do niego s\u0119dzia.<\/p>\n<p>Jego zdaniem 23-latek by\u0142 nieostro\u017cny, brawurowy i bezmy\u015blny, bo nie wyci\u0105gn\u0105\u0142 wniosk\u00f3w z licznych mandat\u00f3w, jakie wcze\u015bniej dosta\u0142 za przekraczanie pr\u0119dko\u015bci.<\/p>\n<p>&#8211; Mimo to on znowu si\u0119 spieszy\u0142 &#8211; grzmia\u0142 s\u0119dzia \u0141\u0119towski. &#8211; Tym razem dosz\u0142o jednak do tragedii. Spowodowa\u0142 j\u0105 splot z\u0142ych okoliczno\u015bci, tj. przyczynienie pieszego, pech i b\u0142\u0119dna decyzja kierowcy. Gdyby ten jecha\u0142 wolniej, a co za tym idzie, zd\u0105\u017cy\u0142 rozpocz\u0105\u0107 hamowanie, to je\u015bli nawet dosz\u0142oby w takiej sytuacji do \u015bmiertelnego potr\u0105cenia, by\u0142by niewinny. Jednak przede wszystkim ten \u015bwietnie zapowiadaj\u0105cy si\u0119 student mia\u0142by szans\u0119 na prze\u017cycie.<\/p>\n<p>Kiedy pad\u0142y te s\u0142owa, szlochaj\u0105cy dot\u0105d na \u0142awie oskar\u017conych Tomasz K. rozp\u0142aka\u0142 si\u0119 na dobre. Lecz akurat nie te argumenty zdecydowa\u0142y, \u017ce s\u0105d zakaza\u0142 mu przez trzy lata siada\u0107 za kierownic\u0105. Przes\u0105dzi\u0142o o tym to, \u017ce 23-latek uciek\u0142 z miejsca wypadku. Bydgoszczanin otwarcie tego nie przyzna\u0142, ale prawdopodobnie zl\u0105k\u0142 si\u0119, \u017ce trafi za kraty, bo prowadzi\u0142 wtedy samoch\u00f3d bez uprawnie\u0144 &#8211; prawo jazdy straci\u0142 dwa tygodnie wcze\u015bniej, gdy na jego koncie uzbiera\u0142o si\u0119 27 punkt\u00f3w karnych (m\u0119\u017cczyzna odzyska\u0142 dokument kr\u00f3tko po wypadku, zdawszy stosowny egzamin).<\/p>\n<p>&#8211; Zrobi\u0142 najgorsz\u0105 rzecz, jak\u0105 w takiej sytuacji mo\u017ce uczyni\u0107 kierowca &#8211; zaznaczy\u0142 s\u0119dzia. &#8211; Na szcz\u0119\u015bcie dla niego kuzyn, do kt\u00f3rego zadzwoni\u0142 z drogi, doradzi\u0142 mu, aby natychmiast wr\u00f3ci\u0142. Gdyby tego nie zrobi\u0142, dzi\u015b s\u0105d zastanawia\u0142by si\u0119 nie nad tym, na ile lat da\u0107 mu zakaz, lecz na ile lat p\u00f3jdzie siedzie\u0107.<\/p>\n<p>Wyrok jest nieprawomocny.<\/p>\n<p>gazeta.pl<\/p>\n","protected":false},"excerpt":{"rendered":"<p>Zielone \u015bwiat\u0142o nie zwalnia kierowcy z obowi\u0105zku uwa\u017cania na drodze &#8211; podkre\u015bli\u0142 toru\u0144ski s\u0105d, skazuj\u0105c 23-letniego Tomasza K. za \u015bmiertelne potr\u0105cenie pieszego, mimo \u017ce to on wbieg\u0142 mu pod ko\u0142a Bydgoszczanin dosta\u0142 dwa lata wi\u0119zienia w zawieszeniu na pi\u0119\u0107 lat oraz trzyletni zakaz prowadzenia wszelkich pojazd\u00f3w, co &#8211; zwa\u017cywszy, \u017ce jest zawodowym kierowc\u0105 &#8211; b\u0119dzie [&hellip;]<\/p>\n","protected":false},"author":2,"featured_media":0,"comment_status":"open","ping_status":"open","sticky":false,"template":"","format":"standard","meta":{"footnotes":""},"categories":[8],"tags":[12],"class_list":["post-998","post","type-post","status-publish","format-standard","hentry","category-aktualnosci","tag-odszkodowanie"],"_links":{"self":[{"href":"https:\/\/www.odszkodowania.info.pl\/index.php?rest_route=\/wp\/v2\/posts\/998","targetHints":{"allow":["GET"]}}],"collection":[{"href":"https:\/\/www.odszkodowania.info.pl\/index.php?rest_route=\/wp\/v2\/posts"}],"about":[{"href":"https:\/\/www.odszkodowania.info.pl\/index.php?rest_route=\/wp\/v2\/types\/post"}],"author":[{"embeddable":true,"href":"https:\/\/www.odszkodowania.info.pl\/index.php?rest_route=\/wp\/v2\/users\/2"}],"replies":[{"embeddable":true,"href":"https:\/\/www.odszkodowania.info.pl\/index.php?rest_route=%2Fwp%2Fv2%2Fcomments&post=998"}],"version-history":[{"count":1,"href":"https:\/\/www.odszkodowania.info.pl\/index.php?rest_route=\/wp\/v2\/posts\/998\/revisions"}],"predecessor-version":[{"id":999,"href":"https:\/\/www.odszkodowania.info.pl\/index.php?rest_route=\/wp\/v2\/posts\/998\/revisions\/999"}],"wp:attachment":[{"href":"https:\/\/www.odszkodowania.info.pl\/index.php?rest_route=%2Fwp%2Fv2%2Fmedia&parent=998"}],"wp:term":[{"taxonomy":"category","embeddable":true,"href":"https:\/\/www.odszkodowania.info.pl\/index.php?rest_route=%2Fwp%2Fv2%2Fcategories&post=998"},{"taxonomy":"post_tag","embeddable":true,"href":"https:\/\/www.odszkodowania.info.pl\/index.php?rest_route=%2Fwp%2Fv2%2Ftags&post=998"}],"curies":[{"name":"wp","href":"https:\/\/api.w.org\/{rel}","templated":true}]}}